{"id":118444,"date":"2023-05-19T12:55:57","date_gmt":"2023-05-19T10:55:57","guid":{"rendered":"https:\/\/www.elobau.com\/news\/communique-de-presse-le-vts-kunststoff-symposium-sest-reuni-au-sein-delobau\/"},"modified":"2023-05-24T08:53:27","modified_gmt":"2023-05-24T06:53:27","slug":"imprensa-elobau-recebeu-o-simposio-de-materiais-sinteticos-da-empresa-alema-vts","status":"publish","type":"news","link":"https:\/\/www.elobau.com\/pt-br\/news\/imprensa-elobau-recebeu-o-simposio-de-materiais-sinteticos-da-empresa-alema-vts\/","title":{"rendered":"Imprensa: elobau recebeu o Simp\u00f3sio de materiais sint\u00e9ticos da empresa alem\u00e3 VTS"},"excerpt":{"rendered":"<p>Nos dias 11 e 12 de maio de 2023 aconteceu o Simp\u00f3sio de Sint\u00e9ticos VTS, organizado pela empresa alem\u00e3 VTS Kunststoffe. Ap\u00f3s um dia repleto de palestras na cidade de Kempten, no dia 12 de maio, a elobau recebeu o simp\u00f3sio em sua casa em Leutkirch.   <\/p>\n","protected":false},"author":45,"featured_media":118380,"template":"","meta":{"_acf_changed":false,"inline_featured_image":false,"_links_to":"","_links_to_target":""},"class_list":["post-118444","news","type-news","status-publish","has-post-thumbnail","hentry"],"acf":[],"yoast_head":"<title>News - Imprensa: elobau recebeu o Simp\u00f3sio de materiais sint\u00e9ticos da empresa alem\u00e3 VTS - elobau<\/title>\n<meta name=\"robots\" content=\"index, follow, max-snippet:-1, max-image-preview:large, max-video-preview:-1\" \/>\n<link rel=\"canonical\" href=\"https:\/\/www.elobau.com\/pt-br\/news\/imprensa-elobau-recebeu-o-simposio-de-materiais-sinteticos-da-empresa-alema-vts\/\" \/>\n<meta property=\"og:locale\" content=\"pt_BR\" \/>\n<meta property=\"og:type\" content=\"article\" \/>\n<meta property=\"og:title\" content=\"News - Imprensa: elobau recebeu o Simp\u00f3sio de materiais sint\u00e9ticos da empresa alem\u00e3 VTS - elobau\" \/>\n<meta property=\"og:description\" content=\"Nos dias 11 e 12 de maio de 2023 aconteceu o Simp\u00f3sio de Sint\u00e9ticos VTS, organizado pela empresa alem\u00e3 VTS Kunststoffe. Ap\u00f3s um dia repleto de palestras na cidade de Kempten, no dia 12 de maio, a elobau recebeu o simp\u00f3sio em sua casa em Leutkirch.\" \/>\n<meta property=\"og:url\" content=\"https:\/\/www.elobau.com\/pt-br\/news\/imprensa-elobau-recebeu-o-simposio-de-materiais-sinteticos-da-empresa-alema-vts\/\" \/>\n<meta property=\"og:site_name\" content=\"elobau\" \/>\n<meta property=\"article:publisher\" content=\"https:\/\/www.facebook.com\/elobauDACH\/\" \/>\n<meta property=\"article:modified_time\" content=\"2023-05-24T06:53:27+00:00\" \/>\n<meta property=\"og:image\" content=\"https:\/\/www.elobau.com\/wp-content\/uploads\/2023\/05\/bild-1_thilo-ittner_klein.jpg\" \/>\n\t<meta property=\"og:image:width\" content=\"2016\" \/>\n\t<meta property=\"og:image:height\" content=\"980\" \/>\n\t<meta property=\"og:image:type\" content=\"image\/jpeg\" \/>\n<script type=\"application\/ld+json\" class=\"yoast-schema-graph\">{\"@context\":\"https:\\\/\\\/schema.org\",\"@graph\":[{\"@type\":\"NewsArticle\",\"@id\":\"https:\\\/\\\/www.elobau.com\\\/pt-br\\\/news\\\/imprensa-elobau-recebeu-o-simposio-de-materiais-sinteticos-da-empresa-alema-vts\\\/#article\",\"isPartOf\":{\"@id\":\"https:\\\/\\\/www.elobau.com\\\/pt-br\\\/news\\\/imprensa-elobau-recebeu-o-simposio-de-materiais-sinteticos-da-empresa-alema-vts\\\/\"},\"author\":{\"name\":\"Christiane M\u00f6ller\",\"@id\":\"https:\\\/\\\/www.elobau.com\\\/pt-br\\\/#\\\/schema\\\/person\\\/5c15e3dbc28fe3628feaea2dc5fb239b\"},\"headline\":\"Imprensa: elobau recebeu o Simp\u00f3sio de materiais sint\u00e9ticos da empresa alem\u00e3 VTS\",\"datePublished\":\"2023-05-19T10:55:57+00:00\",\"dateModified\":\"2023-05-24T06:53:27+00:00\",\"mainEntityOfPage\":{\"@id\":\"https:\\\/\\\/www.elobau.com\\\/pt-br\\\/news\\\/imprensa-elobau-recebeu-o-simposio-de-materiais-sinteticos-da-empresa-alema-vts\\\/\"},\"wordCount\":14,\"publisher\":{\"@id\":\"https:\\\/\\\/www.elobau.com\\\/pt-br\\\/#organization\"},\"image\":{\"@id\":\"https:\\\/\\\/www.elobau.com\\\/pt-br\\\/news\\\/imprensa-elobau-recebeu-o-simposio-de-materiais-sinteticos-da-empresa-alema-vts\\\/#primaryimage\"},\"thumbnailUrl\":\"https:\\\/\\\/www.elobau.com\\\/wp-content\\\/uploads\\\/2023\\\/05\\\/bild-1_thilo-ittner_klein.jpg\",\"inLanguage\":\"pt-BR\"},{\"@type\":\"WebPage\",\"@id\":\"https:\\\/\\\/www.elobau.com\\\/pt-br\\\/news\\\/imprensa-elobau-recebeu-o-simposio-de-materiais-sinteticos-da-empresa-alema-vts\\\/\",\"url\":\"https:\\\/\\\/www.elobau.com\\\/pt-br\\\/news\\\/imprensa-elobau-recebeu-o-simposio-de-materiais-sinteticos-da-empresa-alema-vts\\\/\",\"name\":\"News - Imprensa: elobau recebeu o Simp\u00f3sio de materiais sint\u00e9ticos da empresa alem\u00e3 VTS - elobau\",\"isPartOf\":{\"@id\":\"https:\\\/\\\/www.elobau.com\\\/pt-br\\\/#website\"},\"primaryImageOfPage\":{\"@id\":\"https:\\\/\\\/www.elobau.com\\\/pt-br\\\/news\\\/imprensa-elobau-recebeu-o-simposio-de-materiais-sinteticos-da-empresa-alema-vts\\\/#primaryimage\"},\"image\":{\"@id\":\"https:\\\/\\\/www.elobau.com\\\/pt-br\\\/news\\\/imprensa-elobau-recebeu-o-simposio-de-materiais-sinteticos-da-empresa-alema-vts\\\/#primaryimage\"},\"thumbnailUrl\":\"https:\\\/\\\/www.elobau.com\\\/wp-content\\\/uploads\\\/2023\\\/05\\\/bild-1_thilo-ittner_klein.jpg\",\"datePublished\":\"2023-05-19T10:55:57+00:00\",\"dateModified\":\"2023-05-24T06:53:27+00:00\",\"breadcrumb\":{\"@id\":\"https:\\\/\\\/www.elobau.com\\\/pt-br\\\/news\\\/imprensa-elobau-recebeu-o-simposio-de-materiais-sinteticos-da-empresa-alema-vts\\\/#breadcrumb\"},\"inLanguage\":\"pt-BR\",\"potentialAction\":[{\"@type\":\"ReadAction\",\"target\":[\"https:\\\/\\\/www.elobau.com\\\/pt-br\\\/news\\\/imprensa-elobau-recebeu-o-simposio-de-materiais-sinteticos-da-empresa-alema-vts\\\/\"]}]},{\"@type\":\"ImageObject\",\"inLanguage\":\"pt-BR\",\"@id\":\"https:\\\/\\\/www.elobau.com\\\/pt-br\\\/news\\\/imprensa-elobau-recebeu-o-simposio-de-materiais-sinteticos-da-empresa-alema-vts\\\/#primaryimage\",\"url\":\"https:\\\/\\\/www.elobau.com\\\/wp-content\\\/uploads\\\/2023\\\/05\\\/bild-1_thilo-ittner_klein.jpg\",\"contentUrl\":\"https:\\\/\\\/www.elobau.com\\\/wp-content\\\/uploads\\\/2023\\\/05\\\/bild-1_thilo-ittner_klein.jpg\",\"width\":2016,\"height\":980},{\"@type\":\"BreadcrumbList\",\"@id\":\"https:\\\/\\\/www.elobau.com\\\/pt-br\\\/news\\\/imprensa-elobau-recebeu-o-simposio-de-materiais-sinteticos-da-empresa-alema-vts\\\/#breadcrumb\",\"itemListElement\":[{\"@type\":\"ListItem\",\"position\":1,\"name\":\"Home\",\"item\":\"https:\\\/\\\/www.elobau.com\\\/pt-br\\\/\"},{\"@type\":\"ListItem\",\"position\":2,\"name\":\"Imprensa: elobau recebeu o Simp\u00f3sio de materiais sint\u00e9ticos da empresa alem\u00e3 VTS\"}]},{\"@type\":\"WebSite\",\"@id\":\"https:\\\/\\\/www.elobau.com\\\/pt-br\\\/#website\",\"url\":\"https:\\\/\\\/www.elobau.com\\\/pt-br\\\/\",\"name\":\"elobau\",\"description\":\"elobau\",\"publisher\":{\"@id\":\"https:\\\/\\\/www.elobau.com\\\/pt-br\\\/#organization\"},\"potentialAction\":[{\"@type\":\"SearchAction\",\"target\":{\"@type\":\"EntryPoint\",\"urlTemplate\":\"https:\\\/\\\/www.elobau.com\\\/pt-br\\\/?s={search_term_string}\"},\"query-input\":{\"@type\":\"PropertyValueSpecification\",\"valueRequired\":true,\"valueName\":\"search_term_string\"}}],\"inLanguage\":\"pt-BR\"},{\"@type\":\"Organization\",\"@id\":\"https:\\\/\\\/www.elobau.com\\\/pt-br\\\/#organization\",\"name\":\"elobau GmbH & Co. KG\",\"url\":\"https:\\\/\\\/www.elobau.com\\\/pt-br\\\/\",\"logo\":{\"@type\":\"ImageObject\",\"inLanguage\":\"pt-BR\",\"@id\":\"https:\\\/\\\/www.elobau.com\\\/pt-br\\\/#\\\/schema\\\/logo\\\/image\\\/\",\"url\":\"https:\\\/\\\/www.elobau.com\\\/wp-content\\\/uploads\\\/2021\\\/03\\\/elobau_logo_claim_11_2020_cmyk.jpg\",\"contentUrl\":\"https:\\\/\\\/www.elobau.com\\\/wp-content\\\/uploads\\\/2021\\\/03\\\/elobau_logo_claim_11_2020_cmyk.jpg\",\"width\":2000,\"height\":676,\"caption\":\"elobau GmbH & Co. KG\"},\"image\":{\"@id\":\"https:\\\/\\\/www.elobau.com\\\/pt-br\\\/#\\\/schema\\\/logo\\\/image\\\/\"},\"sameAs\":[\"https:\\\/\\\/www.facebook.com\\\/elobauDACH\\\/\",\"https:\\\/\\\/www.instagram.com\\\/elobau_official\\\/?hl=de\",\"https:\\\/\\\/de.linkedin.com\\\/company\\\/elobau\",\"https:\\\/\\\/www.youtube.com\\\/user\\\/elobauWorld\"]},{\"@type\":\"Person\",\"@id\":\"https:\\\/\\\/www.elobau.com\\\/pt-br\\\/#\\\/schema\\\/person\\\/5c15e3dbc28fe3628feaea2dc5fb239b\",\"name\":\"Christiane M\u00f6ller\",\"image\":{\"@type\":\"ImageObject\",\"inLanguage\":\"pt-BR\",\"@id\":\"https:\\\/\\\/secure.gravatar.com\\\/avatar\\\/81234d9330f58538b15c5ed970a2ee910f5397951d5e4f488839e1ba0fa39a26?s=96&d=mm&r=g\",\"url\":\"https:\\\/\\\/secure.gravatar.com\\\/avatar\\\/81234d9330f58538b15c5ed970a2ee910f5397951d5e4f488839e1ba0fa39a26?s=96&d=mm&r=g\",\"contentUrl\":\"https:\\\/\\\/secure.gravatar.com\\\/avatar\\\/81234d9330f58538b15c5ed970a2ee910f5397951d5e4f488839e1ba0fa39a26?s=96&d=mm&r=g\",\"caption\":\"Christiane M\u00f6ller\"},\"url\":\"https:\\\/\\\/www.elobau.com\\\/pt-br\\\/author\\\/christiane-moeller\\\/\"}]}<\/script>","yoast_head_json":{"title":"News - Imprensa: elobau recebeu o Simp\u00f3sio de materiais sint\u00e9ticos da empresa alem\u00e3 VTS - elobau","robots":{"index":"index","follow":"follow","max-snippet":"max-snippet:-1","max-image-preview":"max-image-preview:large","max-video-preview":"max-video-preview:-1"},"canonical":"https:\/\/www.elobau.com\/pt-br\/news\/imprensa-elobau-recebeu-o-simposio-de-materiais-sinteticos-da-empresa-alema-vts\/","og_locale":"pt_BR","og_type":"article","og_title":"News - Imprensa: elobau recebeu o Simp\u00f3sio de materiais sint\u00e9ticos da empresa alem\u00e3 VTS - elobau","og_description":"Nos dias 11 e 12 de maio de 2023 aconteceu o Simp\u00f3sio de Sint\u00e9ticos VTS, organizado pela empresa alem\u00e3 VTS Kunststoffe. Ap\u00f3s um dia repleto de palestras na cidade de Kempten, no dia 12 de maio, a elobau recebeu o simp\u00f3sio em sua casa em Leutkirch.","og_url":"https:\/\/www.elobau.com\/pt-br\/news\/imprensa-elobau-recebeu-o-simposio-de-materiais-sinteticos-da-empresa-alema-vts\/","og_site_name":"elobau","article_publisher":"https:\/\/www.facebook.com\/elobauDACH\/","article_modified_time":"2023-05-24T06:53:27+00:00","og_image":[{"width":2016,"height":980,"url":"https:\/\/www.elobau.com\/wp-content\/uploads\/2023\/05\/bild-1_thilo-ittner_klein.jpg","type":"image\/jpeg"}],"schema":{"@context":"https:\/\/schema.org","@graph":[{"@type":"NewsArticle","@id":"https:\/\/www.elobau.com\/pt-br\/news\/imprensa-elobau-recebeu-o-simposio-de-materiais-sinteticos-da-empresa-alema-vts\/#article","isPartOf":{"@id":"https:\/\/www.elobau.com\/pt-br\/news\/imprensa-elobau-recebeu-o-simposio-de-materiais-sinteticos-da-empresa-alema-vts\/"},"author":{"name":"Christiane M\u00f6ller","@id":"https:\/\/www.elobau.com\/pt-br\/#\/schema\/person\/5c15e3dbc28fe3628feaea2dc5fb239b"},"headline":"Imprensa: elobau recebeu o Simp\u00f3sio de materiais sint\u00e9ticos da empresa alem\u00e3 VTS","datePublished":"2023-05-19T10:55:57+00:00","dateModified":"2023-05-24T06:53:27+00:00","mainEntityOfPage":{"@id":"https:\/\/www.elobau.com\/pt-br\/news\/imprensa-elobau-recebeu-o-simposio-de-materiais-sinteticos-da-empresa-alema-vts\/"},"wordCount":14,"publisher":{"@id":"https:\/\/www.elobau.com\/pt-br\/#organization"},"image":{"@id":"https:\/\/www.elobau.com\/pt-br\/news\/imprensa-elobau-recebeu-o-simposio-de-materiais-sinteticos-da-empresa-alema-vts\/#primaryimage"},"thumbnailUrl":"https:\/\/www.elobau.com\/wp-content\/uploads\/2023\/05\/bild-1_thilo-ittner_klein.jpg","inLanguage":"pt-BR"},{"@type":"WebPage","@id":"https:\/\/www.elobau.com\/pt-br\/news\/imprensa-elobau-recebeu-o-simposio-de-materiais-sinteticos-da-empresa-alema-vts\/","url":"https:\/\/www.elobau.com\/pt-br\/news\/imprensa-elobau-recebeu-o-simposio-de-materiais-sinteticos-da-empresa-alema-vts\/","name":"News - Imprensa: elobau recebeu o Simp\u00f3sio de materiais sint\u00e9ticos da empresa alem\u00e3 VTS - elobau","isPartOf":{"@id":"https:\/\/www.elobau.com\/pt-br\/#website"},"primaryImageOfPage":{"@id":"https:\/\/www.elobau.com\/pt-br\/news\/imprensa-elobau-recebeu-o-simposio-de-materiais-sinteticos-da-empresa-alema-vts\/#primaryimage"},"image":{"@id":"https:\/\/www.elobau.com\/pt-br\/news\/imprensa-elobau-recebeu-o-simposio-de-materiais-sinteticos-da-empresa-alema-vts\/#primaryimage"},"thumbnailUrl":"https:\/\/www.elobau.com\/wp-content\/uploads\/2023\/05\/bild-1_thilo-ittner_klein.jpg","datePublished":"2023-05-19T10:55:57+00:00","dateModified":"2023-05-24T06:53:27+00:00","breadcrumb":{"@id":"https:\/\/www.elobau.com\/pt-br\/news\/imprensa-elobau-recebeu-o-simposio-de-materiais-sinteticos-da-empresa-alema-vts\/#breadcrumb"},"inLanguage":"pt-BR","potentialAction":[{"@type":"ReadAction","target":["https:\/\/www.elobau.com\/pt-br\/news\/imprensa-elobau-recebeu-o-simposio-de-materiais-sinteticos-da-empresa-alema-vts\/"]}]},{"@type":"ImageObject","inLanguage":"pt-BR","@id":"https:\/\/www.elobau.com\/pt-br\/news\/imprensa-elobau-recebeu-o-simposio-de-materiais-sinteticos-da-empresa-alema-vts\/#primaryimage","url":"https:\/\/www.elobau.com\/wp-content\/uploads\/2023\/05\/bild-1_thilo-ittner_klein.jpg","contentUrl":"https:\/\/www.elobau.com\/wp-content\/uploads\/2023\/05\/bild-1_thilo-ittner_klein.jpg","width":2016,"height":980},{"@type":"BreadcrumbList","@id":"https:\/\/www.elobau.com\/pt-br\/news\/imprensa-elobau-recebeu-o-simposio-de-materiais-sinteticos-da-empresa-alema-vts\/#breadcrumb","itemListElement":[{"@type":"ListItem","position":1,"name":"Home","item":"https:\/\/www.elobau.com\/pt-br\/"},{"@type":"ListItem","position":2,"name":"Imprensa: elobau recebeu o Simp\u00f3sio de materiais sint\u00e9ticos da empresa alem\u00e3 VTS"}]},{"@type":"WebSite","@id":"https:\/\/www.elobau.com\/pt-br\/#website","url":"https:\/\/www.elobau.com\/pt-br\/","name":"elobau","description":"elobau","publisher":{"@id":"https:\/\/www.elobau.com\/pt-br\/#organization"},"potentialAction":[{"@type":"SearchAction","target":{"@type":"EntryPoint","urlTemplate":"https:\/\/www.elobau.com\/pt-br\/?s={search_term_string}"},"query-input":{"@type":"PropertyValueSpecification","valueRequired":true,"valueName":"search_term_string"}}],"inLanguage":"pt-BR"},{"@type":"Organization","@id":"https:\/\/www.elobau.com\/pt-br\/#organization","name":"elobau GmbH & Co. KG","url":"https:\/\/www.elobau.com\/pt-br\/","logo":{"@type":"ImageObject","inLanguage":"pt-BR","@id":"https:\/\/www.elobau.com\/pt-br\/#\/schema\/logo\/image\/","url":"https:\/\/www.elobau.com\/wp-content\/uploads\/2021\/03\/elobau_logo_claim_11_2020_cmyk.jpg","contentUrl":"https:\/\/www.elobau.com\/wp-content\/uploads\/2021\/03\/elobau_logo_claim_11_2020_cmyk.jpg","width":2000,"height":676,"caption":"elobau GmbH & Co. KG"},"image":{"@id":"https:\/\/www.elobau.com\/pt-br\/#\/schema\/logo\/image\/"},"sameAs":["https:\/\/www.facebook.com\/elobauDACH\/","https:\/\/www.instagram.com\/elobau_official\/?hl=de","https:\/\/de.linkedin.com\/company\/elobau","https:\/\/www.youtube.com\/user\/elobauWorld"]},{"@type":"Person","@id":"https:\/\/www.elobau.com\/pt-br\/#\/schema\/person\/5c15e3dbc28fe3628feaea2dc5fb239b","name":"Christiane M\u00f6ller","image":{"@type":"ImageObject","inLanguage":"pt-BR","@id":"https:\/\/secure.gravatar.com\/avatar\/81234d9330f58538b15c5ed970a2ee910f5397951d5e4f488839e1ba0fa39a26?s=96&d=mm&r=g","url":"https:\/\/secure.gravatar.com\/avatar\/81234d9330f58538b15c5ed970a2ee910f5397951d5e4f488839e1ba0fa39a26?s=96&d=mm&r=g","contentUrl":"https:\/\/secure.gravatar.com\/avatar\/81234d9330f58538b15c5ed970a2ee910f5397951d5e4f488839e1ba0fa39a26?s=96&d=mm&r=g","caption":"Christiane M\u00f6ller"},"url":"https:\/\/www.elobau.com\/pt-br\/author\/christiane-moeller\/"}]}},"_links":{"self":[{"href":"https:\/\/www.elobau.com\/pt-br\/wp-json\/wp\/v2\/news\/118444","targetHints":{"allow":["GET"]}}],"collection":[{"href":"https:\/\/www.elobau.com\/pt-br\/wp-json\/wp\/v2\/news"}],"about":[{"href":"https:\/\/www.elobau.com\/pt-br\/wp-json\/wp\/v2\/types\/news"}],"author":[{"embeddable":true,"href":"https:\/\/www.elobau.com\/pt-br\/wp-json\/wp\/v2\/users\/45"}],"version-history":[{"count":2,"href":"https:\/\/www.elobau.com\/pt-br\/wp-json\/wp\/v2\/news\/118444\/revisions"}],"predecessor-version":[{"id":118446,"href":"https:\/\/www.elobau.com\/pt-br\/wp-json\/wp\/v2\/news\/118444\/revisions\/118446"}],"wp:featuredmedia":[{"embeddable":true,"href":"https:\/\/www.elobau.com\/pt-br\/wp-json\/wp\/v2\/media\/118380"}],"wp:attachment":[{"href":"https:\/\/www.elobau.com\/pt-br\/wp-json\/wp\/v2\/media?parent=118444"}],"curies":[{"name":"wp","href":"https:\/\/api.w.org\/{rel}","templated":true}]}}