{"id":56928,"date":"2021-05-21T16:45:14","date_gmt":"2021-05-21T14:45:14","guid":{"rendered":"https:\/\/www.elobau.com\/?post_type=news&#038;p=56928"},"modified":"2022-08-22T14:48:53","modified_gmt":"2022-08-22T12:48:53","slug":"elobau-eroeffnet-virtuellen-showroom-pressemitteilung","status":"publish","type":"news","link":"https:\/\/www.elobau.com\/de\/news\/elobau-eroeffnet-virtuellen-showroom-pressemitteilung\/","title":{"rendered":"elobau er\u00f6ffnet virtuellen Showroom"},"excerpt":{"rendered":"<p>elobau er\u00f6ffnet seinen eigenen virtuellen Showroom, die eloLounge. Zur Er\u00f6ffnung finden die eloLounge Days vom 15. Juni \u2013 17. Juni statt. An den drei Tagen finden Vortr\u00e4ge rund um den elobau-Kosmos statt. Auch 100m-Rekordhalter Julian Reus z\u00e4hlt zu den Speakern. <\/p>\n","protected":false},"author":31,"featured_media":56545,"template":"","meta":{"_acf_changed":false,"inline_featured_image":false,"_links_to":"","_links_to_target":""},"class_list":["post-56928","news","type-news","status-publish","has-post-thumbnail","hentry"],"acf":[],"yoast_head":"<title>Pressemitteillung - elobau er\u00f6ffnet virtuellen Showroom - elobau<\/title>\n<meta name=\"description\" content=\"Hier k\u00f6nnen Sie die Pressemitteilung zur Er\u00f6ffnung des virtuellen Showrooms von elobau herunterladen.\" \/>\n<meta name=\"robots\" content=\"index, follow, max-snippet:-1, max-image-preview:large, max-video-preview:-1\" \/>\n<link rel=\"canonical\" href=\"https:\/\/www.elobau.com\/de\/news\/elobau-eroeffnet-virtuellen-showroom\/\" \/>\n<meta property=\"og:locale\" content=\"de_DE\" \/>\n<meta property=\"og:type\" content=\"article\" \/>\n<meta property=\"og:title\" content=\"Pressemitteillung - elobau er\u00f6ffnet virtuellen Showroom - elobau\" \/>\n<meta property=\"og:description\" content=\"Hier k\u00f6nnen Sie die Pressemitteilung zur Er\u00f6ffnung des virtuellen Showrooms von elobau herunterladen.\" \/>\n<meta property=\"og:url\" content=\"https:\/\/www.elobau.com\/de\/news\/elobau-eroeffnet-virtuellen-showroom\/\" \/>\n<meta property=\"og:site_name\" content=\"elobau\" \/>\n<meta property=\"article:publisher\" content=\"https:\/\/www.facebook.com\/elobauDACH\/\" \/>\n<meta property=\"article:modified_time\" content=\"2022-08-22T12:48:53+00:00\" \/>\n<meta property=\"og:image\" content=\"https:\/\/www.elobau.com\/wp-content\/uploads\/2021\/05\/elolounge-ruediger-thilo-1034x774-1.png\" \/>\n\t<meta property=\"og:image:width\" content=\"1032\" \/>\n\t<meta property=\"og:image:height\" content=\"774\" \/>\n\t<meta property=\"og:image:type\" content=\"image\/png\" \/>\n<script type=\"application\/ld+json\" class=\"yoast-schema-graph\">{\"@context\":\"https:\\\/\\\/schema.org\",\"@graph\":[{\"@type\":\"NewsArticle\",\"@id\":\"https:\\\/\\\/www.elobau.com\\\/de\\\/news\\\/elobau-eroeffnet-virtuellen-showroom\\\/#article\",\"isPartOf\":{\"@id\":\"https:\\\/\\\/www.elobau.com\\\/de\\\/news\\\/elobau-eroeffnet-virtuellen-showroom-pressemitteilung\\\/\"},\"author\":{\"name\":\"Jens Weder\",\"@id\":\"https:\\\/\\\/www.elobau.com\\\/de\\\/#\\\/schema\\\/person\\\/46a9642a8a89e8f3e48d2e568328a0b5\"},\"headline\":\"elobau er\u00f6ffnet virtuellen Showroom\",\"datePublished\":\"2021-05-21T14:45:14+00:00\",\"dateModified\":\"2022-08-22T12:48:53+00:00\",\"mainEntityOfPage\":{\"@id\":\"https:\\\/\\\/www.elobau.com\\\/de\\\/news\\\/elobau-eroeffnet-virtuellen-showroom-pressemitteilung\\\/\"},\"wordCount\":5,\"publisher\":{\"@id\":\"https:\\\/\\\/www.elobau.com\\\/de\\\/#organization\"},\"image\":{\"@id\":\"https:\\\/\\\/www.elobau.com\\\/de\\\/news\\\/elobau-eroeffnet-virtuellen-showroom\\\/#primaryimage\"},\"thumbnailUrl\":\"https:\\\/\\\/www.elobau.com\\\/wp-content\\\/uploads\\\/2021\\\/05\\\/elolounge-ruediger-thilo-1034x774-1.png\",\"inLanguage\":\"de\"},{\"@type\":\"WebPage\",\"@id\":\"https:\\\/\\\/www.elobau.com\\\/de\\\/news\\\/elobau-eroeffnet-virtuellen-showroom-pressemitteilung\\\/\",\"url\":\"https:\\\/\\\/www.elobau.com\\\/de\\\/news\\\/elobau-eroeffnet-virtuellen-showroom\\\/\",\"name\":\"Pressemitteillung - elobau er\u00f6ffnet virtuellen Showroom - elobau\",\"isPartOf\":{\"@id\":\"https:\\\/\\\/www.elobau.com\\\/de\\\/#website\"},\"primaryImageOfPage\":{\"@id\":\"https:\\\/\\\/www.elobau.com\\\/de\\\/news\\\/elobau-eroeffnet-virtuellen-showroom\\\/#primaryimage\"},\"image\":{\"@id\":\"https:\\\/\\\/www.elobau.com\\\/de\\\/news\\\/elobau-eroeffnet-virtuellen-showroom\\\/#primaryimage\"},\"thumbnailUrl\":\"https:\\\/\\\/www.elobau.com\\\/wp-content\\\/uploads\\\/2021\\\/05\\\/elolounge-ruediger-thilo-1034x774-1.png\",\"datePublished\":\"2021-05-21T14:45:14+00:00\",\"dateModified\":\"2022-08-22T12:48:53+00:00\",\"description\":\"Hier k\u00f6nnen Sie die Pressemitteilung zur Er\u00f6ffnung des virtuellen Showrooms von elobau herunterladen.\",\"breadcrumb\":{\"@id\":\"https:\\\/\\\/www.elobau.com\\\/de\\\/news\\\/elobau-eroeffnet-virtuellen-showroom\\\/#breadcrumb\"},\"inLanguage\":\"de\",\"potentialAction\":[{\"@type\":\"ReadAction\",\"target\":[\"https:\\\/\\\/www.elobau.com\\\/de\\\/news\\\/elobau-eroeffnet-virtuellen-showroom\\\/\"]}]},{\"@type\":\"ImageObject\",\"inLanguage\":\"de\",\"@id\":\"https:\\\/\\\/www.elobau.com\\\/de\\\/news\\\/elobau-eroeffnet-virtuellen-showroom\\\/#primaryimage\",\"url\":\"https:\\\/\\\/www.elobau.com\\\/wp-content\\\/uploads\\\/2021\\\/05\\\/elolounge-ruediger-thilo-1034x774-1.png\",\"contentUrl\":\"https:\\\/\\\/www.elobau.com\\\/wp-content\\\/uploads\\\/2021\\\/05\\\/elolounge-ruediger-thilo-1034x774-1.png\",\"width\":1032,\"height\":774,\"caption\":\"elolounge-ruediger-thilo-1034&#215;774\"},{\"@type\":\"BreadcrumbList\",\"@id\":\"https:\\\/\\\/www.elobau.com\\\/de\\\/news\\\/elobau-eroeffnet-virtuellen-showroom\\\/#breadcrumb\",\"itemListElement\":[{\"@type\":\"ListItem\",\"position\":1,\"name\":\"Home\",\"item\":\"https:\\\/\\\/www.elobau.com\\\/de\\\/\"},{\"@type\":\"ListItem\",\"position\":2,\"name\":\"elobau er\u00f6ffnet virtuellen Showroom\"}]},{\"@type\":\"WebSite\",\"@id\":\"https:\\\/\\\/www.elobau.com\\\/de\\\/#website\",\"url\":\"https:\\\/\\\/www.elobau.com\\\/de\\\/\",\"name\":\"elobau\",\"description\":\"elobau\",\"publisher\":{\"@id\":\"https:\\\/\\\/www.elobau.com\\\/de\\\/#organization\"},\"potentialAction\":[{\"@type\":\"SearchAction\",\"target\":{\"@type\":\"EntryPoint\",\"urlTemplate\":\"https:\\\/\\\/www.elobau.com\\\/de\\\/?s={search_term_string}\"},\"query-input\":{\"@type\":\"PropertyValueSpecification\",\"valueRequired\":true,\"valueName\":\"search_term_string\"}}],\"inLanguage\":\"de\"},{\"@type\":\"Organization\",\"@id\":\"https:\\\/\\\/www.elobau.com\\\/de\\\/#organization\",\"name\":\"elobau GmbH & Co. KG\",\"url\":\"https:\\\/\\\/www.elobau.com\\\/de\\\/\",\"logo\":{\"@type\":\"ImageObject\",\"inLanguage\":\"de\",\"@id\":\"https:\\\/\\\/www.elobau.com\\\/de\\\/#\\\/schema\\\/logo\\\/image\\\/\",\"url\":\"https:\\\/\\\/www.elobau.com\\\/wp-content\\\/uploads\\\/2021\\\/03\\\/elobau_logo_claim_11_2020_cmyk.jpg\",\"contentUrl\":\"https:\\\/\\\/www.elobau.com\\\/wp-content\\\/uploads\\\/2021\\\/03\\\/elobau_logo_claim_11_2020_cmyk.jpg\",\"width\":2000,\"height\":676,\"caption\":\"elobau GmbH & Co. KG\"},\"image\":{\"@id\":\"https:\\\/\\\/www.elobau.com\\\/de\\\/#\\\/schema\\\/logo\\\/image\\\/\"},\"sameAs\":[\"https:\\\/\\\/www.facebook.com\\\/elobauDACH\\\/\",\"https:\\\/\\\/www.instagram.com\\\/elobau_official\\\/?hl=de\",\"https:\\\/\\\/de.linkedin.com\\\/company\\\/elobau\",\"https:\\\/\\\/www.youtube.com\\\/user\\\/elobauWorld\"]},{\"@type\":\"Person\",\"@id\":\"https:\\\/\\\/www.elobau.com\\\/de\\\/#\\\/schema\\\/person\\\/46a9642a8a89e8f3e48d2e568328a0b5\",\"name\":\"Jens Weder\",\"image\":{\"@type\":\"ImageObject\",\"inLanguage\":\"de\",\"@id\":\"https:\\\/\\\/secure.gravatar.com\\\/avatar\\\/1fbbc60d8fe1f532731d1aefd438beb1d9874d47604b69f04942a38a37f0e4c3?s=96&d=mm&r=g\",\"url\":\"https:\\\/\\\/secure.gravatar.com\\\/avatar\\\/1fbbc60d8fe1f532731d1aefd438beb1d9874d47604b69f04942a38a37f0e4c3?s=96&d=mm&r=g\",\"contentUrl\":\"https:\\\/\\\/secure.gravatar.com\\\/avatar\\\/1fbbc60d8fe1f532731d1aefd438beb1d9874d47604b69f04942a38a37f0e4c3?s=96&d=mm&r=g\",\"caption\":\"Jens Weder\"},\"url\":\"https:\\\/\\\/www.elobau.com\\\/de\\\/author\\\/jens-weder\\\/\"}]}<\/script>","yoast_head_json":{"title":"Pressemitteillung - elobau er\u00f6ffnet virtuellen Showroom - elobau","description":"Hier k\u00f6nnen Sie die Pressemitteilung zur Er\u00f6ffnung des virtuellen Showrooms von elobau herunterladen.","robots":{"index":"index","follow":"follow","max-snippet":"max-snippet:-1","max-image-preview":"max-image-preview:large","max-video-preview":"max-video-preview:-1"},"canonical":"https:\/\/www.elobau.com\/de\/news\/elobau-eroeffnet-virtuellen-showroom\/","og_locale":"de_DE","og_type":"article","og_title":"Pressemitteillung - elobau er\u00f6ffnet virtuellen Showroom - elobau","og_description":"Hier k\u00f6nnen Sie die Pressemitteilung zur Er\u00f6ffnung des virtuellen Showrooms von elobau herunterladen.","og_url":"https:\/\/www.elobau.com\/de\/news\/elobau-eroeffnet-virtuellen-showroom\/","og_site_name":"elobau","article_publisher":"https:\/\/www.facebook.com\/elobauDACH\/","article_modified_time":"2022-08-22T12:48:53+00:00","og_image":[{"width":1032,"height":774,"url":"https:\/\/www.elobau.com\/wp-content\/uploads\/2021\/05\/elolounge-ruediger-thilo-1034x774-1.png","type":"image\/png"}],"schema":{"@context":"https:\/\/schema.org","@graph":[{"@type":"NewsArticle","@id":"https:\/\/www.elobau.com\/de\/news\/elobau-eroeffnet-virtuellen-showroom\/#article","isPartOf":{"@id":"https:\/\/www.elobau.com\/de\/news\/elobau-eroeffnet-virtuellen-showroom-pressemitteilung\/"},"author":{"name":"Jens Weder","@id":"https:\/\/www.elobau.com\/de\/#\/schema\/person\/46a9642a8a89e8f3e48d2e568328a0b5"},"headline":"elobau er\u00f6ffnet virtuellen Showroom","datePublished":"2021-05-21T14:45:14+00:00","dateModified":"2022-08-22T12:48:53+00:00","mainEntityOfPage":{"@id":"https:\/\/www.elobau.com\/de\/news\/elobau-eroeffnet-virtuellen-showroom-pressemitteilung\/"},"wordCount":5,"publisher":{"@id":"https:\/\/www.elobau.com\/de\/#organization"},"image":{"@id":"https:\/\/www.elobau.com\/de\/news\/elobau-eroeffnet-virtuellen-showroom\/#primaryimage"},"thumbnailUrl":"https:\/\/www.elobau.com\/wp-content\/uploads\/2021\/05\/elolounge-ruediger-thilo-1034x774-1.png","inLanguage":"de"},{"@type":"WebPage","@id":"https:\/\/www.elobau.com\/de\/news\/elobau-eroeffnet-virtuellen-showroom-pressemitteilung\/","url":"https:\/\/www.elobau.com\/de\/news\/elobau-eroeffnet-virtuellen-showroom\/","name":"Pressemitteillung - elobau er\u00f6ffnet virtuellen Showroom - elobau","isPartOf":{"@id":"https:\/\/www.elobau.com\/de\/#website"},"primaryImageOfPage":{"@id":"https:\/\/www.elobau.com\/de\/news\/elobau-eroeffnet-virtuellen-showroom\/#primaryimage"},"image":{"@id":"https:\/\/www.elobau.com\/de\/news\/elobau-eroeffnet-virtuellen-showroom\/#primaryimage"},"thumbnailUrl":"https:\/\/www.elobau.com\/wp-content\/uploads\/2021\/05\/elolounge-ruediger-thilo-1034x774-1.png","datePublished":"2021-05-21T14:45:14+00:00","dateModified":"2022-08-22T12:48:53+00:00","description":"Hier k\u00f6nnen Sie die Pressemitteilung zur Er\u00f6ffnung des virtuellen Showrooms von elobau herunterladen.","breadcrumb":{"@id":"https:\/\/www.elobau.com\/de\/news\/elobau-eroeffnet-virtuellen-showroom\/#breadcrumb"},"inLanguage":"de","potentialAction":[{"@type":"ReadAction","target":["https:\/\/www.elobau.com\/de\/news\/elobau-eroeffnet-virtuellen-showroom\/"]}]},{"@type":"ImageObject","inLanguage":"de","@id":"https:\/\/www.elobau.com\/de\/news\/elobau-eroeffnet-virtuellen-showroom\/#primaryimage","url":"https:\/\/www.elobau.com\/wp-content\/uploads\/2021\/05\/elolounge-ruediger-thilo-1034x774-1.png","contentUrl":"https:\/\/www.elobau.com\/wp-content\/uploads\/2021\/05\/elolounge-ruediger-thilo-1034x774-1.png","width":1032,"height":774,"caption":"elolounge-ruediger-thilo-1034&#215;774"},{"@type":"BreadcrumbList","@id":"https:\/\/www.elobau.com\/de\/news\/elobau-eroeffnet-virtuellen-showroom\/#breadcrumb","itemListElement":[{"@type":"ListItem","position":1,"name":"Home","item":"https:\/\/www.elobau.com\/de\/"},{"@type":"ListItem","position":2,"name":"elobau er\u00f6ffnet virtuellen Showroom"}]},{"@type":"WebSite","@id":"https:\/\/www.elobau.com\/de\/#website","url":"https:\/\/www.elobau.com\/de\/","name":"elobau","description":"elobau","publisher":{"@id":"https:\/\/www.elobau.com\/de\/#organization"},"potentialAction":[{"@type":"SearchAction","target":{"@type":"EntryPoint","urlTemplate":"https:\/\/www.elobau.com\/de\/?s={search_term_string}"},"query-input":{"@type":"PropertyValueSpecification","valueRequired":true,"valueName":"search_term_string"}}],"inLanguage":"de"},{"@type":"Organization","@id":"https:\/\/www.elobau.com\/de\/#organization","name":"elobau GmbH & Co. KG","url":"https:\/\/www.elobau.com\/de\/","logo":{"@type":"ImageObject","inLanguage":"de","@id":"https:\/\/www.elobau.com\/de\/#\/schema\/logo\/image\/","url":"https:\/\/www.elobau.com\/wp-content\/uploads\/2021\/03\/elobau_logo_claim_11_2020_cmyk.jpg","contentUrl":"https:\/\/www.elobau.com\/wp-content\/uploads\/2021\/03\/elobau_logo_claim_11_2020_cmyk.jpg","width":2000,"height":676,"caption":"elobau GmbH & Co. KG"},"image":{"@id":"https:\/\/www.elobau.com\/de\/#\/schema\/logo\/image\/"},"sameAs":["https:\/\/www.facebook.com\/elobauDACH\/","https:\/\/www.instagram.com\/elobau_official\/?hl=de","https:\/\/de.linkedin.com\/company\/elobau","https:\/\/www.youtube.com\/user\/elobauWorld"]},{"@type":"Person","@id":"https:\/\/www.elobau.com\/de\/#\/schema\/person\/46a9642a8a89e8f3e48d2e568328a0b5","name":"Jens Weder","image":{"@type":"ImageObject","inLanguage":"de","@id":"https:\/\/secure.gravatar.com\/avatar\/1fbbc60d8fe1f532731d1aefd438beb1d9874d47604b69f04942a38a37f0e4c3?s=96&d=mm&r=g","url":"https:\/\/secure.gravatar.com\/avatar\/1fbbc60d8fe1f532731d1aefd438beb1d9874d47604b69f04942a38a37f0e4c3?s=96&d=mm&r=g","contentUrl":"https:\/\/secure.gravatar.com\/avatar\/1fbbc60d8fe1f532731d1aefd438beb1d9874d47604b69f04942a38a37f0e4c3?s=96&d=mm&r=g","caption":"Jens Weder"},"url":"https:\/\/www.elobau.com\/de\/author\/jens-weder\/"}]}},"_links":{"self":[{"href":"https:\/\/www.elobau.com\/de\/wp-json\/wp\/v2\/news\/56928","targetHints":{"allow":["GET"]}}],"collection":[{"href":"https:\/\/www.elobau.com\/de\/wp-json\/wp\/v2\/news"}],"about":[{"href":"https:\/\/www.elobau.com\/de\/wp-json\/wp\/v2\/types\/news"}],"author":[{"embeddable":true,"href":"https:\/\/www.elobau.com\/de\/wp-json\/wp\/v2\/users\/31"}],"version-history":[{"count":6,"href":"https:\/\/www.elobau.com\/de\/wp-json\/wp\/v2\/news\/56928\/revisions"}],"predecessor-version":[{"id":112770,"href":"https:\/\/www.elobau.com\/de\/wp-json\/wp\/v2\/news\/56928\/revisions\/112770"}],"wp:featuredmedia":[{"embeddable":true,"href":"https:\/\/www.elobau.com\/de\/wp-json\/wp\/v2\/media\/56545"}],"wp:attachment":[{"href":"https:\/\/www.elobau.com\/de\/wp-json\/wp\/v2\/media?parent=56928"}],"curies":[{"name":"wp","href":"https:\/\/api.w.org\/{rel}","templated":true}]}}