{"id":110169,"date":"2022-05-18T13:14:04","date_gmt":"2022-05-18T11:14:04","guid":{"rendered":"https:\/\/www.elobau.com\/?post_type=news&#038;p=110169"},"modified":"2022-05-30T14:53:35","modified_gmt":"2022-05-30T12:53:35","slug":"agrishow-2022-in-brasilien","status":"publish","type":"news","link":"https:\/\/www.elobau.com\/de\/news\/agrishow-2022-in-brasilien\/","title":{"rendered":"Agrishow 2022 in Brasilien"},"excerpt":{"rendered":"<p>Die Agrishow ist die gr\u00f6\u00dfte und wichtigste Messe f\u00fcr Agrartechnik in Brasilien und eine der gr\u00f6\u00dften der Welt, die weltweit als Schaufenster f\u00fcr die wichtigsten technologischen Trends und Innovationen in der Agrarwirtschaft anerkannt ist<\/p>\n","protected":false},"author":31,"featured_media":110140,"template":"","meta":{"_acf_changed":false,"inline_featured_image":false,"_links_to":"","_links_to_target":""},"class_list":["post-110169","news","type-news","status-publish","has-post-thumbnail","hentry"],"acf":[],"yoast_head":"<title>News - Agrishow 2022 in Brasilien - elobau<\/title>\n<meta name=\"robots\" content=\"index, follow, max-snippet:-1, max-image-preview:large, max-video-preview:-1\" \/>\n<link rel=\"canonical\" href=\"https:\/\/www.elobau.com\/de\/news\/agrishow-2022-in-brasilien\/\" \/>\n<meta property=\"og:locale\" content=\"de_DE\" \/>\n<meta property=\"og:type\" content=\"article\" \/>\n<meta property=\"og:title\" content=\"News - Agrishow 2022 in Brasilien - elobau\" \/>\n<meta property=\"og:description\" content=\"Die Agrishow ist die gr\u00f6\u00dfte und wichtigste Messe f\u00fcr Agrartechnik in Brasilien und eine der gr\u00f6\u00dften der Welt, die weltweit als Schaufenster f\u00fcr die wichtigsten technologischen Trends und Innovationen in der Agrarwirtschaft anerkannt ist\" \/>\n<meta property=\"og:url\" content=\"https:\/\/www.elobau.com\/de\/news\/agrishow-2022-in-brasilien\/\" \/>\n<meta property=\"og:site_name\" content=\"elobau\" \/>\n<meta property=\"article:publisher\" content=\"https:\/\/www.facebook.com\/elobauDACH\/\" \/>\n<meta property=\"article:modified_time\" content=\"2022-05-30T12:53:35+00:00\" \/>\n<meta property=\"og:image\" content=\"https:\/\/www.elobau.com\/wp-content\/uploads\/2022\/05\/thumbnail_img_6053.jpg\" \/>\n\t<meta property=\"og:image:width\" content=\"1280\" \/>\n\t<meta property=\"og:image:height\" content=\"960\" \/>\n\t<meta property=\"og:image:type\" content=\"image\/jpeg\" \/>\n<script type=\"application\/ld+json\" class=\"yoast-schema-graph\">{\"@context\":\"https:\\\/\\\/schema.org\",\"@graph\":[{\"@type\":\"NewsArticle\",\"@id\":\"https:\\\/\\\/www.elobau.com\\\/de\\\/news\\\/agrishow-2022-in-brasilien\\\/#article\",\"isPartOf\":{\"@id\":\"https:\\\/\\\/www.elobau.com\\\/de\\\/news\\\/agrishow-2022-in-brasilien\\\/\"},\"author\":{\"name\":\"Jens Weder\",\"@id\":\"https:\\\/\\\/www.elobau.com\\\/de\\\/#\\\/schema\\\/person\\\/46a9642a8a89e8f3e48d2e568328a0b5\"},\"headline\":\"Agrishow 2022 in Brasilien\",\"datePublished\":\"2022-05-18T11:14:04+00:00\",\"dateModified\":\"2022-05-30T12:53:35+00:00\",\"mainEntityOfPage\":{\"@id\":\"https:\\\/\\\/www.elobau.com\\\/de\\\/news\\\/agrishow-2022-in-brasilien\\\/\"},\"wordCount\":3,\"publisher\":{\"@id\":\"https:\\\/\\\/www.elobau.com\\\/de\\\/#organization\"},\"image\":{\"@id\":\"https:\\\/\\\/www.elobau.com\\\/de\\\/news\\\/agrishow-2022-in-brasilien\\\/#primaryimage\"},\"thumbnailUrl\":\"https:\\\/\\\/www.elobau.com\\\/wp-content\\\/uploads\\\/2022\\\/05\\\/thumbnail_img_6053.jpg\",\"inLanguage\":\"de\"},{\"@type\":\"WebPage\",\"@id\":\"https:\\\/\\\/www.elobau.com\\\/de\\\/news\\\/agrishow-2022-in-brasilien\\\/\",\"url\":\"https:\\\/\\\/www.elobau.com\\\/de\\\/news\\\/agrishow-2022-in-brasilien\\\/\",\"name\":\"News - Agrishow 2022 in Brasilien - elobau\",\"isPartOf\":{\"@id\":\"https:\\\/\\\/www.elobau.com\\\/de\\\/#website\"},\"primaryImageOfPage\":{\"@id\":\"https:\\\/\\\/www.elobau.com\\\/de\\\/news\\\/agrishow-2022-in-brasilien\\\/#primaryimage\"},\"image\":{\"@id\":\"https:\\\/\\\/www.elobau.com\\\/de\\\/news\\\/agrishow-2022-in-brasilien\\\/#primaryimage\"},\"thumbnailUrl\":\"https:\\\/\\\/www.elobau.com\\\/wp-content\\\/uploads\\\/2022\\\/05\\\/thumbnail_img_6053.jpg\",\"datePublished\":\"2022-05-18T11:14:04+00:00\",\"dateModified\":\"2022-05-30T12:53:35+00:00\",\"breadcrumb\":{\"@id\":\"https:\\\/\\\/www.elobau.com\\\/de\\\/news\\\/agrishow-2022-in-brasilien\\\/#breadcrumb\"},\"inLanguage\":\"de\",\"potentialAction\":[{\"@type\":\"ReadAction\",\"target\":[\"https:\\\/\\\/www.elobau.com\\\/de\\\/news\\\/agrishow-2022-in-brasilien\\\/\"]}]},{\"@type\":\"ImageObject\",\"inLanguage\":\"de\",\"@id\":\"https:\\\/\\\/www.elobau.com\\\/de\\\/news\\\/agrishow-2022-in-brasilien\\\/#primaryimage\",\"url\":\"https:\\\/\\\/www.elobau.com\\\/wp-content\\\/uploads\\\/2022\\\/05\\\/thumbnail_img_6053.jpg\",\"contentUrl\":\"https:\\\/\\\/www.elobau.com\\\/wp-content\\\/uploads\\\/2022\\\/05\\\/thumbnail_img_6053.jpg\",\"width\":1280,\"height\":960,\"caption\":\"elobau auf der agrishow in brasilien\"},{\"@type\":\"BreadcrumbList\",\"@id\":\"https:\\\/\\\/www.elobau.com\\\/de\\\/news\\\/agrishow-2022-in-brasilien\\\/#breadcrumb\",\"itemListElement\":[{\"@type\":\"ListItem\",\"position\":1,\"name\":\"Home\",\"item\":\"https:\\\/\\\/www.elobau.com\\\/de\\\/\"},{\"@type\":\"ListItem\",\"position\":2,\"name\":\"Agrishow 2022 in Brasilien\"}]},{\"@type\":\"WebSite\",\"@id\":\"https:\\\/\\\/www.elobau.com\\\/de\\\/#website\",\"url\":\"https:\\\/\\\/www.elobau.com\\\/de\\\/\",\"name\":\"elobau\",\"description\":\"elobau\",\"publisher\":{\"@id\":\"https:\\\/\\\/www.elobau.com\\\/de\\\/#organization\"},\"potentialAction\":[{\"@type\":\"SearchAction\",\"target\":{\"@type\":\"EntryPoint\",\"urlTemplate\":\"https:\\\/\\\/www.elobau.com\\\/de\\\/?s={search_term_string}\"},\"query-input\":{\"@type\":\"PropertyValueSpecification\",\"valueRequired\":true,\"valueName\":\"search_term_string\"}}],\"inLanguage\":\"de\"},{\"@type\":\"Organization\",\"@id\":\"https:\\\/\\\/www.elobau.com\\\/de\\\/#organization\",\"name\":\"elobau GmbH & Co. KG\",\"url\":\"https:\\\/\\\/www.elobau.com\\\/de\\\/\",\"logo\":{\"@type\":\"ImageObject\",\"inLanguage\":\"de\",\"@id\":\"https:\\\/\\\/www.elobau.com\\\/de\\\/#\\\/schema\\\/logo\\\/image\\\/\",\"url\":\"https:\\\/\\\/www.elobau.com\\\/wp-content\\\/uploads\\\/2021\\\/03\\\/elobau_logo_claim_11_2020_cmyk.jpg\",\"contentUrl\":\"https:\\\/\\\/www.elobau.com\\\/wp-content\\\/uploads\\\/2021\\\/03\\\/elobau_logo_claim_11_2020_cmyk.jpg\",\"width\":2000,\"height\":676,\"caption\":\"elobau GmbH & Co. KG\"},\"image\":{\"@id\":\"https:\\\/\\\/www.elobau.com\\\/de\\\/#\\\/schema\\\/logo\\\/image\\\/\"},\"sameAs\":[\"https:\\\/\\\/www.facebook.com\\\/elobauDACH\\\/\",\"https:\\\/\\\/www.instagram.com\\\/elobau_official\\\/?hl=de\",\"https:\\\/\\\/de.linkedin.com\\\/company\\\/elobau\",\"https:\\\/\\\/www.youtube.com\\\/user\\\/elobauWorld\"]},{\"@type\":\"Person\",\"@id\":\"https:\\\/\\\/www.elobau.com\\\/de\\\/#\\\/schema\\\/person\\\/46a9642a8a89e8f3e48d2e568328a0b5\",\"name\":\"Jens Weder\",\"image\":{\"@type\":\"ImageObject\",\"inLanguage\":\"de\",\"@id\":\"https:\\\/\\\/secure.gravatar.com\\\/avatar\\\/1fbbc60d8fe1f532731d1aefd438beb1d9874d47604b69f04942a38a37f0e4c3?s=96&d=mm&r=g\",\"url\":\"https:\\\/\\\/secure.gravatar.com\\\/avatar\\\/1fbbc60d8fe1f532731d1aefd438beb1d9874d47604b69f04942a38a37f0e4c3?s=96&d=mm&r=g\",\"contentUrl\":\"https:\\\/\\\/secure.gravatar.com\\\/avatar\\\/1fbbc60d8fe1f532731d1aefd438beb1d9874d47604b69f04942a38a37f0e4c3?s=96&d=mm&r=g\",\"caption\":\"Jens Weder\"},\"url\":\"https:\\\/\\\/www.elobau.com\\\/de\\\/author\\\/jens-weder\\\/\"}]}<\/script>","yoast_head_json":{"title":"News - Agrishow 2022 in Brasilien - elobau","robots":{"index":"index","follow":"follow","max-snippet":"max-snippet:-1","max-image-preview":"max-image-preview:large","max-video-preview":"max-video-preview:-1"},"canonical":"https:\/\/www.elobau.com\/de\/news\/agrishow-2022-in-brasilien\/","og_locale":"de_DE","og_type":"article","og_title":"News - Agrishow 2022 in Brasilien - elobau","og_description":"Die Agrishow ist die gr\u00f6\u00dfte und wichtigste Messe f\u00fcr Agrartechnik in Brasilien und eine der gr\u00f6\u00dften der Welt, die weltweit als Schaufenster f\u00fcr die wichtigsten technologischen Trends und Innovationen in der Agrarwirtschaft anerkannt ist","og_url":"https:\/\/www.elobau.com\/de\/news\/agrishow-2022-in-brasilien\/","og_site_name":"elobau","article_publisher":"https:\/\/www.facebook.com\/elobauDACH\/","article_modified_time":"2022-05-30T12:53:35+00:00","og_image":[{"width":1280,"height":960,"url":"https:\/\/www.elobau.com\/wp-content\/uploads\/2022\/05\/thumbnail_img_6053.jpg","type":"image\/jpeg"}],"schema":{"@context":"https:\/\/schema.org","@graph":[{"@type":"NewsArticle","@id":"https:\/\/www.elobau.com\/de\/news\/agrishow-2022-in-brasilien\/#article","isPartOf":{"@id":"https:\/\/www.elobau.com\/de\/news\/agrishow-2022-in-brasilien\/"},"author":{"name":"Jens Weder","@id":"https:\/\/www.elobau.com\/de\/#\/schema\/person\/46a9642a8a89e8f3e48d2e568328a0b5"},"headline":"Agrishow 2022 in Brasilien","datePublished":"2022-05-18T11:14:04+00:00","dateModified":"2022-05-30T12:53:35+00:00","mainEntityOfPage":{"@id":"https:\/\/www.elobau.com\/de\/news\/agrishow-2022-in-brasilien\/"},"wordCount":3,"publisher":{"@id":"https:\/\/www.elobau.com\/de\/#organization"},"image":{"@id":"https:\/\/www.elobau.com\/de\/news\/agrishow-2022-in-brasilien\/#primaryimage"},"thumbnailUrl":"https:\/\/www.elobau.com\/wp-content\/uploads\/2022\/05\/thumbnail_img_6053.jpg","inLanguage":"de"},{"@type":"WebPage","@id":"https:\/\/www.elobau.com\/de\/news\/agrishow-2022-in-brasilien\/","url":"https:\/\/www.elobau.com\/de\/news\/agrishow-2022-in-brasilien\/","name":"News - Agrishow 2022 in Brasilien - elobau","isPartOf":{"@id":"https:\/\/www.elobau.com\/de\/#website"},"primaryImageOfPage":{"@id":"https:\/\/www.elobau.com\/de\/news\/agrishow-2022-in-brasilien\/#primaryimage"},"image":{"@id":"https:\/\/www.elobau.com\/de\/news\/agrishow-2022-in-brasilien\/#primaryimage"},"thumbnailUrl":"https:\/\/www.elobau.com\/wp-content\/uploads\/2022\/05\/thumbnail_img_6053.jpg","datePublished":"2022-05-18T11:14:04+00:00","dateModified":"2022-05-30T12:53:35+00:00","breadcrumb":{"@id":"https:\/\/www.elobau.com\/de\/news\/agrishow-2022-in-brasilien\/#breadcrumb"},"inLanguage":"de","potentialAction":[{"@type":"ReadAction","target":["https:\/\/www.elobau.com\/de\/news\/agrishow-2022-in-brasilien\/"]}]},{"@type":"ImageObject","inLanguage":"de","@id":"https:\/\/www.elobau.com\/de\/news\/agrishow-2022-in-brasilien\/#primaryimage","url":"https:\/\/www.elobau.com\/wp-content\/uploads\/2022\/05\/thumbnail_img_6053.jpg","contentUrl":"https:\/\/www.elobau.com\/wp-content\/uploads\/2022\/05\/thumbnail_img_6053.jpg","width":1280,"height":960,"caption":"elobau auf der agrishow in brasilien"},{"@type":"BreadcrumbList","@id":"https:\/\/www.elobau.com\/de\/news\/agrishow-2022-in-brasilien\/#breadcrumb","itemListElement":[{"@type":"ListItem","position":1,"name":"Home","item":"https:\/\/www.elobau.com\/de\/"},{"@type":"ListItem","position":2,"name":"Agrishow 2022 in Brasilien"}]},{"@type":"WebSite","@id":"https:\/\/www.elobau.com\/de\/#website","url":"https:\/\/www.elobau.com\/de\/","name":"elobau","description":"elobau","publisher":{"@id":"https:\/\/www.elobau.com\/de\/#organization"},"potentialAction":[{"@type":"SearchAction","target":{"@type":"EntryPoint","urlTemplate":"https:\/\/www.elobau.com\/de\/?s={search_term_string}"},"query-input":{"@type":"PropertyValueSpecification","valueRequired":true,"valueName":"search_term_string"}}],"inLanguage":"de"},{"@type":"Organization","@id":"https:\/\/www.elobau.com\/de\/#organization","name":"elobau GmbH & Co. KG","url":"https:\/\/www.elobau.com\/de\/","logo":{"@type":"ImageObject","inLanguage":"de","@id":"https:\/\/www.elobau.com\/de\/#\/schema\/logo\/image\/","url":"https:\/\/www.elobau.com\/wp-content\/uploads\/2021\/03\/elobau_logo_claim_11_2020_cmyk.jpg","contentUrl":"https:\/\/www.elobau.com\/wp-content\/uploads\/2021\/03\/elobau_logo_claim_11_2020_cmyk.jpg","width":2000,"height":676,"caption":"elobau GmbH & Co. KG"},"image":{"@id":"https:\/\/www.elobau.com\/de\/#\/schema\/logo\/image\/"},"sameAs":["https:\/\/www.facebook.com\/elobauDACH\/","https:\/\/www.instagram.com\/elobau_official\/?hl=de","https:\/\/de.linkedin.com\/company\/elobau","https:\/\/www.youtube.com\/user\/elobauWorld"]},{"@type":"Person","@id":"https:\/\/www.elobau.com\/de\/#\/schema\/person\/46a9642a8a89e8f3e48d2e568328a0b5","name":"Jens Weder","image":{"@type":"ImageObject","inLanguage":"de","@id":"https:\/\/secure.gravatar.com\/avatar\/1fbbc60d8fe1f532731d1aefd438beb1d9874d47604b69f04942a38a37f0e4c3?s=96&d=mm&r=g","url":"https:\/\/secure.gravatar.com\/avatar\/1fbbc60d8fe1f532731d1aefd438beb1d9874d47604b69f04942a38a37f0e4c3?s=96&d=mm&r=g","contentUrl":"https:\/\/secure.gravatar.com\/avatar\/1fbbc60d8fe1f532731d1aefd438beb1d9874d47604b69f04942a38a37f0e4c3?s=96&d=mm&r=g","caption":"Jens Weder"},"url":"https:\/\/www.elobau.com\/de\/author\/jens-weder\/"}]}},"_links":{"self":[{"href":"https:\/\/www.elobau.com\/de\/wp-json\/wp\/v2\/news\/110169","targetHints":{"allow":["GET"]}}],"collection":[{"href":"https:\/\/www.elobau.com\/de\/wp-json\/wp\/v2\/news"}],"about":[{"href":"https:\/\/www.elobau.com\/de\/wp-json\/wp\/v2\/types\/news"}],"author":[{"embeddable":true,"href":"https:\/\/www.elobau.com\/de\/wp-json\/wp\/v2\/users\/31"}],"version-history":[{"count":3,"href":"https:\/\/www.elobau.com\/de\/wp-json\/wp\/v2\/news\/110169\/revisions"}],"predecessor-version":[{"id":110531,"href":"https:\/\/www.elobau.com\/de\/wp-json\/wp\/v2\/news\/110169\/revisions\/110531"}],"wp:featuredmedia":[{"embeddable":true,"href":"https:\/\/www.elobau.com\/de\/wp-json\/wp\/v2\/media\/110140"}],"wp:attachment":[{"href":"https:\/\/www.elobau.com\/de\/wp-json\/wp\/v2\/media?parent=110169"}],"curies":[{"name":"wp","href":"https:\/\/api.w.org\/{rel}","templated":true}]}}