{"id":100516,"date":"2021-07-26T16:30:08","date_gmt":"2021-07-26T14:30:08","guid":{"rendered":"https:\/\/www.elobau.com\/?post_type=news&#038;p=100516"},"modified":"2022-08-22T14:49:55","modified_gmt":"2022-08-22T12:49:55","slug":"pressemitteilung-um-vorreiter-zu-bleiben-elobaus-nachhaltigkeitsziele-bis-2025","status":"publish","type":"news","link":"https:\/\/www.elobau.com\/de\/news\/pressemitteilung-um-vorreiter-zu-bleiben-elobaus-nachhaltigkeitsziele-bis-2025\/","title":{"rendered":"Pressemitteilung: Um Vorreiter zu bleiben: elobaus Nachhaltigkeitsziele bis 2025"},"excerpt":{"rendered":"<p>Das Ergebnis von elobaus Vollbilanz zur Gemeinwohl\u00f6konomie bescheinigt dem Industrieunternehmen eine Vorreiterrolle in seiner Branche. Um weiteren Mehrwert f\u00fcr Gesellschaft, Umwelt und die Wirtschaft zu stiften, hat sich elobau bis 2025 f\u00fcnf hohe Ziele gesteckt. <\/p>\n","protected":false},"author":31,"featured_media":100537,"template":"","meta":{"_acf_changed":false,"inline_featured_image":false,"_links_to":"","_links_to_target":""},"class_list":["post-100516","news","type-news","status-publish","has-post-thumbnail","hentry"],"acf":[],"yoast_head":"<title>News - Pressemitteilung: Um Vorreiter zu bleiben: elobaus Nachhaltigkeitsziele bis 2025 - elobau<\/title>\n<meta name=\"robots\" content=\"index, follow, max-snippet:-1, max-image-preview:large, max-video-preview:-1\" \/>\n<link rel=\"canonical\" href=\"https:\/\/www.elobau.com\/de\/news\/um-vorreiter-zu-bleiben-elobaus-nachhaltigkeitsziele-bis-2025\/\" \/>\n<meta property=\"og:locale\" content=\"de_DE\" \/>\n<meta property=\"og:type\" content=\"article\" \/>\n<meta property=\"og:title\" content=\"News - Pressemitteilung: Um Vorreiter zu bleiben: elobaus Nachhaltigkeitsziele bis 2025 - elobau\" \/>\n<meta property=\"og:description\" content=\"Das Ergebnis von elobaus Vollbilanz zur Gemeinwohl\u00f6konomie bescheinigt dem Industrieunternehmen eine Vorreiterrolle in seiner Branche. Um weiteren Mehrwert f\u00fcr Gesellschaft, Umwelt und die Wirtschaft zu stiften, hat sich elobau bis 2025 f\u00fcnf hohe Ziele gesteckt.\" \/>\n<meta property=\"og:url\" content=\"https:\/\/www.elobau.com\/de\/news\/um-vorreiter-zu-bleiben-elobaus-nachhaltigkeitsziele-bis-2025\/\" \/>\n<meta property=\"og:site_name\" content=\"elobau\" \/>\n<meta property=\"article:publisher\" content=\"https:\/\/www.facebook.com\/elobauDACH\/\" \/>\n<meta property=\"article:modified_time\" content=\"2022-08-22T12:49:55+00:00\" \/>\n<meta property=\"og:image\" content=\"https:\/\/www.elobau.com\/wp-content\/uploads\/2021\/07\/pressebild-1-elobau-werk-2.jpg\" \/>\n\t<meta property=\"og:image:width\" content=\"1024\" \/>\n\t<meta property=\"og:image:height\" content=\"683\" \/>\n\t<meta property=\"og:image:type\" content=\"image\/jpeg\" \/>\n<script type=\"application\/ld+json\" class=\"yoast-schema-graph\">{\"@context\":\"https:\\\/\\\/schema.org\",\"@graph\":[{\"@type\":\"NewsArticle\",\"@id\":\"https:\\\/\\\/www.elobau.com\\\/de\\\/news\\\/um-vorreiter-zu-bleiben-elobaus-nachhaltigkeitsziele-bis-2025\\\/#article\",\"isPartOf\":{\"@id\":\"https:\\\/\\\/www.elobau.com\\\/de\\\/news\\\/pressemitteilung-um-vorreiter-zu-bleiben-elobaus-nachhaltigkeitsziele-bis-2025\\\/\"},\"author\":{\"name\":\"Jens Weder\",\"@id\":\"https:\\\/\\\/www.elobau.com\\\/de\\\/#\\\/schema\\\/person\\\/46a9642a8a89e8f3e48d2e568328a0b5\"},\"headline\":\"Pressemitteilung: Um Vorreiter zu bleiben: elobaus Nachhaltigkeitsziele bis 2025\",\"datePublished\":\"2021-07-26T14:30:08+00:00\",\"dateModified\":\"2022-08-22T12:49:55+00:00\",\"mainEntityOfPage\":{\"@id\":\"https:\\\/\\\/www.elobau.com\\\/de\\\/news\\\/pressemitteilung-um-vorreiter-zu-bleiben-elobaus-nachhaltigkeitsziele-bis-2025\\\/\"},\"wordCount\":8,\"publisher\":{\"@id\":\"https:\\\/\\\/www.elobau.com\\\/de\\\/#organization\"},\"image\":{\"@id\":\"https:\\\/\\\/www.elobau.com\\\/de\\\/news\\\/um-vorreiter-zu-bleiben-elobaus-nachhaltigkeitsziele-bis-2025\\\/#primaryimage\"},\"thumbnailUrl\":\"https:\\\/\\\/www.elobau.com\\\/wp-content\\\/uploads\\\/2021\\\/07\\\/pressebild-1-elobau-werk-2.jpg\",\"inLanguage\":\"de\"},{\"@type\":\"WebPage\",\"@id\":\"https:\\\/\\\/www.elobau.com\\\/de\\\/news\\\/pressemitteilung-um-vorreiter-zu-bleiben-elobaus-nachhaltigkeitsziele-bis-2025\\\/\",\"url\":\"https:\\\/\\\/www.elobau.com\\\/de\\\/news\\\/um-vorreiter-zu-bleiben-elobaus-nachhaltigkeitsziele-bis-2025\\\/\",\"name\":\"News - Pressemitteilung: Um Vorreiter zu bleiben: elobaus Nachhaltigkeitsziele bis 2025 - elobau\",\"isPartOf\":{\"@id\":\"https:\\\/\\\/www.elobau.com\\\/de\\\/#website\"},\"primaryImageOfPage\":{\"@id\":\"https:\\\/\\\/www.elobau.com\\\/de\\\/news\\\/um-vorreiter-zu-bleiben-elobaus-nachhaltigkeitsziele-bis-2025\\\/#primaryimage\"},\"image\":{\"@id\":\"https:\\\/\\\/www.elobau.com\\\/de\\\/news\\\/um-vorreiter-zu-bleiben-elobaus-nachhaltigkeitsziele-bis-2025\\\/#primaryimage\"},\"thumbnailUrl\":\"https:\\\/\\\/www.elobau.com\\\/wp-content\\\/uploads\\\/2021\\\/07\\\/pressebild-1-elobau-werk-2.jpg\",\"datePublished\":\"2021-07-26T14:30:08+00:00\",\"dateModified\":\"2022-08-22T12:49:55+00:00\",\"breadcrumb\":{\"@id\":\"https:\\\/\\\/www.elobau.com\\\/de\\\/news\\\/um-vorreiter-zu-bleiben-elobaus-nachhaltigkeitsziele-bis-2025\\\/#breadcrumb\"},\"inLanguage\":\"de\",\"potentialAction\":[{\"@type\":\"ReadAction\",\"target\":[\"https:\\\/\\\/www.elobau.com\\\/de\\\/news\\\/um-vorreiter-zu-bleiben-elobaus-nachhaltigkeitsziele-bis-2025\\\/\"]}]},{\"@type\":\"ImageObject\",\"inLanguage\":\"de\",\"@id\":\"https:\\\/\\\/www.elobau.com\\\/de\\\/news\\\/um-vorreiter-zu-bleiben-elobaus-nachhaltigkeitsziele-bis-2025\\\/#primaryimage\",\"url\":\"https:\\\/\\\/www.elobau.com\\\/wp-content\\\/uploads\\\/2021\\\/07\\\/pressebild-1-elobau-werk-2.jpg\",\"contentUrl\":\"https:\\\/\\\/www.elobau.com\\\/wp-content\\\/uploads\\\/2021\\\/07\\\/pressebild-1-elobau-werk-2.jpg\",\"width\":2000,\"height\":1334,\"caption\":\"Pressebild 1 elobau Werk 2\"},{\"@type\":\"BreadcrumbList\",\"@id\":\"https:\\\/\\\/www.elobau.com\\\/de\\\/news\\\/um-vorreiter-zu-bleiben-elobaus-nachhaltigkeitsziele-bis-2025\\\/#breadcrumb\",\"itemListElement\":[{\"@type\":\"ListItem\",\"position\":1,\"name\":\"Home\",\"item\":\"https:\\\/\\\/www.elobau.com\\\/de\\\/\"},{\"@type\":\"ListItem\",\"position\":2,\"name\":\"Pressemitteilung: Um Vorreiter zu bleiben: elobaus Nachhaltigkeitsziele bis 2025\"}]},{\"@type\":\"WebSite\",\"@id\":\"https:\\\/\\\/www.elobau.com\\\/de\\\/#website\",\"url\":\"https:\\\/\\\/www.elobau.com\\\/de\\\/\",\"name\":\"elobau\",\"description\":\"elobau\",\"publisher\":{\"@id\":\"https:\\\/\\\/www.elobau.com\\\/de\\\/#organization\"},\"potentialAction\":[{\"@type\":\"SearchAction\",\"target\":{\"@type\":\"EntryPoint\",\"urlTemplate\":\"https:\\\/\\\/www.elobau.com\\\/de\\\/?s={search_term_string}\"},\"query-input\":{\"@type\":\"PropertyValueSpecification\",\"valueRequired\":true,\"valueName\":\"search_term_string\"}}],\"inLanguage\":\"de\"},{\"@type\":\"Organization\",\"@id\":\"https:\\\/\\\/www.elobau.com\\\/de\\\/#organization\",\"name\":\"elobau GmbH & Co. KG\",\"url\":\"https:\\\/\\\/www.elobau.com\\\/de\\\/\",\"logo\":{\"@type\":\"ImageObject\",\"inLanguage\":\"de\",\"@id\":\"https:\\\/\\\/www.elobau.com\\\/de\\\/#\\\/schema\\\/logo\\\/image\\\/\",\"url\":\"https:\\\/\\\/www.elobau.com\\\/wp-content\\\/uploads\\\/2021\\\/03\\\/elobau_logo_claim_11_2020_cmyk.jpg\",\"contentUrl\":\"https:\\\/\\\/www.elobau.com\\\/wp-content\\\/uploads\\\/2021\\\/03\\\/elobau_logo_claim_11_2020_cmyk.jpg\",\"width\":2000,\"height\":676,\"caption\":\"elobau GmbH & Co. KG\"},\"image\":{\"@id\":\"https:\\\/\\\/www.elobau.com\\\/de\\\/#\\\/schema\\\/logo\\\/image\\\/\"},\"sameAs\":[\"https:\\\/\\\/www.facebook.com\\\/elobauDACH\\\/\",\"https:\\\/\\\/www.instagram.com\\\/elobau_official\\\/?hl=de\",\"https:\\\/\\\/de.linkedin.com\\\/company\\\/elobau\",\"https:\\\/\\\/www.youtube.com\\\/user\\\/elobauWorld\"]},{\"@type\":\"Person\",\"@id\":\"https:\\\/\\\/www.elobau.com\\\/de\\\/#\\\/schema\\\/person\\\/46a9642a8a89e8f3e48d2e568328a0b5\",\"name\":\"Jens Weder\",\"image\":{\"@type\":\"ImageObject\",\"inLanguage\":\"de\",\"@id\":\"https:\\\/\\\/secure.gravatar.com\\\/avatar\\\/1fbbc60d8fe1f532731d1aefd438beb1d9874d47604b69f04942a38a37f0e4c3?s=96&d=mm&r=g\",\"url\":\"https:\\\/\\\/secure.gravatar.com\\\/avatar\\\/1fbbc60d8fe1f532731d1aefd438beb1d9874d47604b69f04942a38a37f0e4c3?s=96&d=mm&r=g\",\"contentUrl\":\"https:\\\/\\\/secure.gravatar.com\\\/avatar\\\/1fbbc60d8fe1f532731d1aefd438beb1d9874d47604b69f04942a38a37f0e4c3?s=96&d=mm&r=g\",\"caption\":\"Jens Weder\"},\"url\":\"https:\\\/\\\/www.elobau.com\\\/de\\\/author\\\/jens-weder\\\/\"}]}<\/script>","yoast_head_json":{"title":"News - Pressemitteilung: Um Vorreiter zu bleiben: elobaus Nachhaltigkeitsziele bis 2025 - elobau","robots":{"index":"index","follow":"follow","max-snippet":"max-snippet:-1","max-image-preview":"max-image-preview:large","max-video-preview":"max-video-preview:-1"},"canonical":"https:\/\/www.elobau.com\/de\/news\/um-vorreiter-zu-bleiben-elobaus-nachhaltigkeitsziele-bis-2025\/","og_locale":"de_DE","og_type":"article","og_title":"News - Pressemitteilung: Um Vorreiter zu bleiben: elobaus Nachhaltigkeitsziele bis 2025 - elobau","og_description":"Das Ergebnis von elobaus Vollbilanz zur Gemeinwohl\u00f6konomie bescheinigt dem Industrieunternehmen eine Vorreiterrolle in seiner Branche. Um weiteren Mehrwert f\u00fcr Gesellschaft, Umwelt und die Wirtschaft zu stiften, hat sich elobau bis 2025 f\u00fcnf hohe Ziele gesteckt.","og_url":"https:\/\/www.elobau.com\/de\/news\/um-vorreiter-zu-bleiben-elobaus-nachhaltigkeitsziele-bis-2025\/","og_site_name":"elobau","article_publisher":"https:\/\/www.facebook.com\/elobauDACH\/","article_modified_time":"2022-08-22T12:49:55+00:00","og_image":[{"url":"https:\/\/www.elobau.com\/wp-content\/uploads\/2021\/07\/pressebild-1-elobau-werk-2.jpg","width":1024,"height":683,"type":"image\/jpeg"}],"schema":{"@context":"https:\/\/schema.org","@graph":[{"@type":"NewsArticle","@id":"https:\/\/www.elobau.com\/de\/news\/um-vorreiter-zu-bleiben-elobaus-nachhaltigkeitsziele-bis-2025\/#article","isPartOf":{"@id":"https:\/\/www.elobau.com\/de\/news\/pressemitteilung-um-vorreiter-zu-bleiben-elobaus-nachhaltigkeitsziele-bis-2025\/"},"author":{"name":"Jens Weder","@id":"https:\/\/www.elobau.com\/de\/#\/schema\/person\/46a9642a8a89e8f3e48d2e568328a0b5"},"headline":"Pressemitteilung: Um Vorreiter zu bleiben: elobaus Nachhaltigkeitsziele bis 2025","datePublished":"2021-07-26T14:30:08+00:00","dateModified":"2022-08-22T12:49:55+00:00","mainEntityOfPage":{"@id":"https:\/\/www.elobau.com\/de\/news\/pressemitteilung-um-vorreiter-zu-bleiben-elobaus-nachhaltigkeitsziele-bis-2025\/"},"wordCount":8,"publisher":{"@id":"https:\/\/www.elobau.com\/de\/#organization"},"image":{"@id":"https:\/\/www.elobau.com\/de\/news\/um-vorreiter-zu-bleiben-elobaus-nachhaltigkeitsziele-bis-2025\/#primaryimage"},"thumbnailUrl":"https:\/\/www.elobau.com\/wp-content\/uploads\/2021\/07\/pressebild-1-elobau-werk-2.jpg","inLanguage":"de"},{"@type":"WebPage","@id":"https:\/\/www.elobau.com\/de\/news\/pressemitteilung-um-vorreiter-zu-bleiben-elobaus-nachhaltigkeitsziele-bis-2025\/","url":"https:\/\/www.elobau.com\/de\/news\/um-vorreiter-zu-bleiben-elobaus-nachhaltigkeitsziele-bis-2025\/","name":"News - Pressemitteilung: Um Vorreiter zu bleiben: elobaus Nachhaltigkeitsziele bis 2025 - elobau","isPartOf":{"@id":"https:\/\/www.elobau.com\/de\/#website"},"primaryImageOfPage":{"@id":"https:\/\/www.elobau.com\/de\/news\/um-vorreiter-zu-bleiben-elobaus-nachhaltigkeitsziele-bis-2025\/#primaryimage"},"image":{"@id":"https:\/\/www.elobau.com\/de\/news\/um-vorreiter-zu-bleiben-elobaus-nachhaltigkeitsziele-bis-2025\/#primaryimage"},"thumbnailUrl":"https:\/\/www.elobau.com\/wp-content\/uploads\/2021\/07\/pressebild-1-elobau-werk-2.jpg","datePublished":"2021-07-26T14:30:08+00:00","dateModified":"2022-08-22T12:49:55+00:00","breadcrumb":{"@id":"https:\/\/www.elobau.com\/de\/news\/um-vorreiter-zu-bleiben-elobaus-nachhaltigkeitsziele-bis-2025\/#breadcrumb"},"inLanguage":"de","potentialAction":[{"@type":"ReadAction","target":["https:\/\/www.elobau.com\/de\/news\/um-vorreiter-zu-bleiben-elobaus-nachhaltigkeitsziele-bis-2025\/"]}]},{"@type":"ImageObject","inLanguage":"de","@id":"https:\/\/www.elobau.com\/de\/news\/um-vorreiter-zu-bleiben-elobaus-nachhaltigkeitsziele-bis-2025\/#primaryimage","url":"https:\/\/www.elobau.com\/wp-content\/uploads\/2021\/07\/pressebild-1-elobau-werk-2.jpg","contentUrl":"https:\/\/www.elobau.com\/wp-content\/uploads\/2021\/07\/pressebild-1-elobau-werk-2.jpg","width":2000,"height":1334,"caption":"Pressebild 1 elobau Werk 2"},{"@type":"BreadcrumbList","@id":"https:\/\/www.elobau.com\/de\/news\/um-vorreiter-zu-bleiben-elobaus-nachhaltigkeitsziele-bis-2025\/#breadcrumb","itemListElement":[{"@type":"ListItem","position":1,"name":"Home","item":"https:\/\/www.elobau.com\/de\/"},{"@type":"ListItem","position":2,"name":"Pressemitteilung: Um Vorreiter zu bleiben: elobaus Nachhaltigkeitsziele bis 2025"}]},{"@type":"WebSite","@id":"https:\/\/www.elobau.com\/de\/#website","url":"https:\/\/www.elobau.com\/de\/","name":"elobau","description":"elobau","publisher":{"@id":"https:\/\/www.elobau.com\/de\/#organization"},"potentialAction":[{"@type":"SearchAction","target":{"@type":"EntryPoint","urlTemplate":"https:\/\/www.elobau.com\/de\/?s={search_term_string}"},"query-input":{"@type":"PropertyValueSpecification","valueRequired":true,"valueName":"search_term_string"}}],"inLanguage":"de"},{"@type":"Organization","@id":"https:\/\/www.elobau.com\/de\/#organization","name":"elobau GmbH & Co. KG","url":"https:\/\/www.elobau.com\/de\/","logo":{"@type":"ImageObject","inLanguage":"de","@id":"https:\/\/www.elobau.com\/de\/#\/schema\/logo\/image\/","url":"https:\/\/www.elobau.com\/wp-content\/uploads\/2021\/03\/elobau_logo_claim_11_2020_cmyk.jpg","contentUrl":"https:\/\/www.elobau.com\/wp-content\/uploads\/2021\/03\/elobau_logo_claim_11_2020_cmyk.jpg","width":2000,"height":676,"caption":"elobau GmbH & Co. KG"},"image":{"@id":"https:\/\/www.elobau.com\/de\/#\/schema\/logo\/image\/"},"sameAs":["https:\/\/www.facebook.com\/elobauDACH\/","https:\/\/www.instagram.com\/elobau_official\/?hl=de","https:\/\/de.linkedin.com\/company\/elobau","https:\/\/www.youtube.com\/user\/elobauWorld"]},{"@type":"Person","@id":"https:\/\/www.elobau.com\/de\/#\/schema\/person\/46a9642a8a89e8f3e48d2e568328a0b5","name":"Jens Weder","image":{"@type":"ImageObject","inLanguage":"de","@id":"https:\/\/secure.gravatar.com\/avatar\/1fbbc60d8fe1f532731d1aefd438beb1d9874d47604b69f04942a38a37f0e4c3?s=96&d=mm&r=g","url":"https:\/\/secure.gravatar.com\/avatar\/1fbbc60d8fe1f532731d1aefd438beb1d9874d47604b69f04942a38a37f0e4c3?s=96&d=mm&r=g","contentUrl":"https:\/\/secure.gravatar.com\/avatar\/1fbbc60d8fe1f532731d1aefd438beb1d9874d47604b69f04942a38a37f0e4c3?s=96&d=mm&r=g","caption":"Jens Weder"},"url":"https:\/\/www.elobau.com\/de\/author\/jens-weder\/"}]}},"_links":{"self":[{"href":"https:\/\/www.elobau.com\/de\/wp-json\/wp\/v2\/news\/100516","targetHints":{"allow":["GET"]}}],"collection":[{"href":"https:\/\/www.elobau.com\/de\/wp-json\/wp\/v2\/news"}],"about":[{"href":"https:\/\/www.elobau.com\/de\/wp-json\/wp\/v2\/types\/news"}],"author":[{"embeddable":true,"href":"https:\/\/www.elobau.com\/de\/wp-json\/wp\/v2\/users\/31"}],"version-history":[{"count":4,"href":"https:\/\/www.elobau.com\/de\/wp-json\/wp\/v2\/news\/100516\/revisions"}],"predecessor-version":[{"id":112775,"href":"https:\/\/www.elobau.com\/de\/wp-json\/wp\/v2\/news\/100516\/revisions\/112775"}],"wp:featuredmedia":[{"embeddable":true,"href":"https:\/\/www.elobau.com\/de\/wp-json\/wp\/v2\/media\/100537"}],"wp:attachment":[{"href":"https:\/\/www.elobau.com\/de\/wp-json\/wp\/v2\/media?parent=100516"}],"curies":[{"name":"wp","href":"https:\/\/api.w.org\/{rel}","templated":true}]}}